{"id":856,"date":"2025-09-15T18:54:40","date_gmt":"2025-09-15T18:54:40","guid":{"rendered":"https:\/\/ltr.jji.mybluehost.me\/website_874ea519\/?p=856"},"modified":"2026-04-11T23:36:55","modified_gmt":"2026-04-12T03:36:55","slug":"colitis-ulcerosa-articulo","status":"publish","type":"post","link":"https:\/\/prgastrocare.com\/es\/ulcerative-colitis-article\/","title":{"rendered":"Colitis ulcerosa"},"content":{"rendered":"<div data-elementor-type=\"wp-post\" data-elementor-id=\"856\" class=\"elementor elementor-856\" data-elementor-post-type=\"post\">\n\t\t\t\t<div class=\"elementor-element elementor-element-2607c433 e-flex e-con-boxed e-con e-parent\" data-id=\"2607c433\" data-element_type=\"container\" data-e-type=\"container\" data-settings=\"{&quot;background_background&quot;:&quot;classic&quot;}\">\n\t\t\t\t\t<div class=\"e-con-inner\">\n\t\t<div class=\"elementor-element elementor-element-1a8a6c65 e-con-full e-flex e-con e-child\" data-id=\"1a8a6c65\" data-element_type=\"container\" data-e-type=\"container\" data-settings=\"{&quot;background_background&quot;:&quot;classic&quot;}\">\n\t\t\t\t<div class=\"elementor-element elementor-element-2e11721 elementor-widget__width-inherit elementor-invisible elementor-widget elementor-widget-heading\" data-id=\"2e11721\" data-element_type=\"widget\" data-e-type=\"widget\" data-settings=\"{&quot;_animation&quot;:&quot;fadeIn&quot;}\" data-widget_type=\"heading.default\">\n\t\t\t\t<div class=\"elementor-widget-container\">\n\t\t\t\t\t<div class=\"elementor-heading-title elementor-size-default\">Condiciones<\/div>\t\t\t\t<\/div>\n\t\t\t\t<\/div>\n\t\t\t\t<div class=\"elementor-element elementor-element-1fe185d4 elementor-widget__width-inherit elementor-widget elementor-widget-theme-post-title elementor-page-title elementor-widget-heading\" data-id=\"1fe185d4\" data-element_type=\"widget\" data-e-type=\"widget\" data-widget_type=\"theme-post-title.default\">\n\t\t\t\t<div class=\"elementor-widget-container\">\n\t\t\t\t\t<h1 class=\"elementor-heading-title elementor-size-default\">Colitis ulcerosa<\/h1>\t\t\t\t<\/div>\n\t\t\t\t<\/div>\n\t\t\t\t<div class=\"elementor-element elementor-element-14562069 elementor-widget elementor-widget-heading\" data-id=\"14562069\" data-element_type=\"widget\" data-e-type=\"widget\" data-widget_type=\"heading.default\">\n\t\t\t\t<div class=\"elementor-widget-container\">\n\t\t\t\t\t<div class=\"elementor-heading-title elementor-size-default\"><a href=\"https:\/\/prgastrocare.com\/es\">Inicio<\/a><\/div>\t\t\t\t<\/div>\n\t\t\t\t<\/div>\n\t\t\t\t<div class=\"elementor-element elementor-element-4a41747a elementor-widget elementor-widget-heading\" data-id=\"4a41747a\" data-element_type=\"widget\" data-e-type=\"widget\" data-widget_type=\"heading.default\">\n\t\t\t\t<div class=\"elementor-widget-container\">\n\t\t\t\t\t<div class=\"elementor-heading-title elementor-size-default\">|<\/div>\t\t\t\t<\/div>\n\t\t\t\t<\/div>\n\t\t\t\t<div class=\"elementor-element elementor-element-70109f3d elementor-widget elementor-widget-heading\" data-id=\"70109f3d\" data-element_type=\"widget\" data-e-type=\"widget\" data-widget_type=\"heading.default\">\n\t\t\t\t<div class=\"elementor-widget-container\">\n\t\t\t\t\t<div class=\"elementor-heading-title elementor-size-default\">Nuestro blog<\/div>\t\t\t\t<\/div>\n\t\t\t\t<\/div>\n\t\t\t\t<\/div>\n\t\t\t\t\t<\/div>\n\t\t\t\t<\/div>\n\t\t<div class=\"elementor-element elementor-element-762d1eba e-flex e-con-boxed e-con e-parent\" data-id=\"762d1eba\" data-element_type=\"container\" data-e-type=\"container\">\n\t\t\t\t\t<div class=\"e-con-inner\">\n\t\t<div class=\"elementor-element elementor-element-8181d5f e-con-full e-flex e-con e-child\" data-id=\"8181d5f\" data-element_type=\"container\" data-e-type=\"container\">\n\t\t\t\t<div class=\"elementor-element elementor-element-bf7f1e4 elementor-widget elementor-widget-heading\" data-id=\"bf7f1e4\" data-element_type=\"widget\" data-e-type=\"widget\" data-widget_type=\"heading.default\">\n\t\t\t\t<div class=\"elementor-widget-container\">\n\t\t\t\t\t<div class=\"elementor-heading-title elementor-size-default\">\u00bfQu\u00e9 es la colitis ulcerosa?<\/div>\t\t\t\t<\/div>\n\t\t\t\t<\/div>\n\t\t\t\t<div class=\"elementor-element elementor-element-ccb01d0 elementor-widget elementor-widget-text-editor\" data-id=\"ccb01d0\" data-element_type=\"widget\" data-e-type=\"widget\" data-widget_type=\"text-editor.default\">\n\t\t\t\t<div class=\"elementor-widget-container\">\n\t\t\t\t\t\t\t\t\t<p><span style=\"font-weight: 400;\">La colitis ulcerosa (CU) es un tipo de enfermedad inflamatoria intestinal (EII) cr\u00f3nica que afecta espec\u00edficamente el intestino grueso. A diferencia de la enfermedad de Crohn, la cual puede afectar cualquier segmento del tracto gastrointestinal y extenderse a capas profundas del tejido, la colitis ulcerosa se localiza generalmente en el colon y el recto, y su proceso inflamatorio se limita principalmente a las capas m\u00e1s superficiales de la mucosa. El inicio de la enfermedad suele ser insidioso y su evoluci\u00f3n puede progresar con el tiempo, generando manifestaciones cl\u00ednicas que pueden impactar de manera considerable en la calidad de vida de los pacientes.<\/span><\/p><p><span style=\"font-weight: 400;\">La colitis ulcerosa se considera una enfermedad autoinmune, en la que el sistema inmunitario ataca por error las c\u00e9lulas que recubren el colon, provocando inflamaci\u00f3n persistente y la formaci\u00f3n de \u00falceras. Se desconoce la causa exacta, pero se cree que est\u00e1 relacionada con una combinaci\u00f3n de factores gen\u00e9ticos, ambientales e inmunol\u00f3gicos. La enfermedad suele presentar un patr\u00f3n de brotes y remisiones, lo que puede hacerla impredecible y suponer un desaf\u00edo emocional para quienes la padecen.<\/span><\/p>\t\t\t\t\t\t\t\t<\/div>\n\t\t\t\t<\/div>\n\t\t\t\t<\/div>\n\t\t<div class=\"elementor-element elementor-element-c266c2f e-con-full e-flex e-con e-child\" data-id=\"c266c2f\" data-element_type=\"container\" data-e-type=\"container\">\n\t\t\t\t<div class=\"elementor-element elementor-element-fc9e479 elementor-widget elementor-widget-image\" data-id=\"fc9e479\" data-element_type=\"widget\" data-e-type=\"widget\" data-widget_type=\"image.default\">\n\t\t\t\t<div class=\"elementor-widget-container\">\n\t\t\t\t\t\t\t\t\t\t\t\t\t\t\t<img loading=\"lazy\" decoding=\"async\" width=\"800\" height=\"800\" src=\"https:\/\/prgastrocare.com\/wp-content\/uploads\/2025\/09\/Ulcerative-Colitis-1-1-1024x1024.avif\" class=\"attachment-large size-large wp-image-860\" alt=\"Colitis ulcerosa\" srcset=\"https:\/\/prgastrocare.com\/wp-content\/uploads\/2025\/09\/Ulcerative-Colitis-1-1-1024x1024.avif 1024w, https:\/\/prgastrocare.com\/wp-content\/uploads\/2025\/09\/Ulcerative-Colitis-1-1-300x300.avif 300w, https:\/\/prgastrocare.com\/wp-content\/uploads\/2025\/09\/Ulcerative-Colitis-1-1-150x150.avif 150w, https:\/\/prgastrocare.com\/wp-content\/uploads\/2025\/09\/Ulcerative-Colitis-1-1-768x768.avif 768w, https:\/\/prgastrocare.com\/wp-content\/uploads\/2025\/09\/Ulcerative-Colitis-1-1.avif 1040w\" sizes=\"auto, (max-width: 800px) 100vw, 800px\" \/>\t\t\t\t\t\t\t\t\t\t\t\t\t\t\t<\/div>\n\t\t\t\t<\/div>\n\t\t\t\t<\/div>\n\t\t\t\t\t<\/div>\n\t\t\t\t<\/div>\n\t\t<div class=\"elementor-element elementor-element-f121de2 e-flex e-con-boxed e-con e-parent\" data-id=\"f121de2\" data-element_type=\"container\" data-e-type=\"container\" data-settings=\"{&quot;background_background&quot;:&quot;classic&quot;}\">\n\t\t\t\t\t<div class=\"e-con-inner\">\n\t\t<div class=\"elementor-element elementor-element-1a8df910 e-con-full e-flex e-con e-child\" data-id=\"1a8df910\" data-element_type=\"container\" data-e-type=\"container\">\n\t\t<div class=\"elementor-element elementor-element-7b5808ae e-con-full e-flex e-con e-child\" data-id=\"7b5808ae\" data-element_type=\"container\" data-e-type=\"container\" data-settings=\"{&quot;background_background&quot;:&quot;classic&quot;}\">\n\t\t<div class=\"elementor-element elementor-element-6d3728d3 e-con-full e-flex e-con e-child\" data-id=\"6d3728d3\" data-element_type=\"container\" data-e-type=\"container\">\n\t\t\t\t<div class=\"elementor-element elementor-element-3c9457da elementor-widget elementor-widget-heading\" data-id=\"3c9457da\" data-element_type=\"widget\" data-e-type=\"widget\" data-widget_type=\"heading.default\">\n\t\t\t\t<div class=\"elementor-widget-container\">\n\t\t\t\t\t<div class=\"elementor-heading-title elementor-size-default\">\u00bfPor qu\u00e9 es importante?<\/div>\t\t\t\t<\/div>\n\t\t\t\t<\/div>\n\t\t\t\t<div class=\"elementor-element elementor-element-f7337cb elementor-widget elementor-widget-text-editor\" data-id=\"f7337cb\" data-element_type=\"widget\" data-e-type=\"widget\" data-widget_type=\"text-editor.default\">\n\t\t\t\t<div class=\"elementor-widget-container\">\n\t\t\t\t\t\t\t\t\t<p><span style=\"font-weight: 400;\">La colitis ulcerosa puede causar inflamaci\u00f3n cr\u00f3nica y \u00falceras en el colon. Si no se trata adecuadamente, puede provocar complicaciones como hemorragias graves, perforaci\u00f3n del colon y un mayor riesgo de c\u00e1ncer colorrectal. Un diagn\u00f3stico temprano y un tratamiento adecuado pueden reducir significativamente estas complicaciones y mejorar la calidad de vida.<\/span><\/p>\t\t\t\t\t\t\t\t<\/div>\n\t\t\t\t<\/div>\n\t\t\t\t<\/div>\n\t\t\t\t<\/div>\n\t\t<div class=\"elementor-element elementor-element-6a16ca98 e-con-full e-flex e-con e-child\" data-id=\"6a16ca98\" data-element_type=\"container\" data-e-type=\"container\">\n\t\t\t\t<div class=\"elementor-element elementor-element-e4f2644 elementor-widget elementor-widget-image\" data-id=\"e4f2644\" data-element_type=\"widget\" data-e-type=\"widget\" data-widget_type=\"image.default\">\n\t\t\t\t<div class=\"elementor-widget-container\">\n\t\t\t\t\t\t\t\t\t\t\t\t\t\t\t<img loading=\"lazy\" decoding=\"async\" width=\"800\" height=\"450\" src=\"https:\/\/prgastrocare.com\/wp-content\/uploads\/2025\/09\/Ulcerative-Colitis-1024x576.webp\" class=\"attachment-large size-large wp-image-1368\" alt=\"Colitis ulcerosa\" srcset=\"https:\/\/prgastrocare.com\/wp-content\/uploads\/2025\/09\/Ulcerative-Colitis-1024x576.webp 1024w, https:\/\/prgastrocare.com\/wp-content\/uploads\/2025\/09\/Ulcerative-Colitis-300x169.webp 300w, https:\/\/prgastrocare.com\/wp-content\/uploads\/2025\/09\/Ulcerative-Colitis-768x432.webp 768w, https:\/\/prgastrocare.com\/wp-content\/uploads\/2025\/09\/Ulcerative-Colitis-1536x864.webp 1536w, https:\/\/prgastrocare.com\/wp-content\/uploads\/2025\/09\/Ulcerative-Colitis-18x10.webp 18w, https:\/\/prgastrocare.com\/wp-content\/uploads\/2025\/09\/Ulcerative-Colitis.webp 1920w\" sizes=\"auto, (max-width: 800px) 100vw, 800px\" \/>\t\t\t\t\t\t\t\t\t\t\t\t\t\t\t<\/div>\n\t\t\t\t<\/div>\n\t\t\t\t<\/div>\n\t\t\t\t<\/div>\n\t\t\t\t\t<\/div>\n\t\t\t\t<\/div>\n\t\t<div class=\"elementor-element elementor-element-49f6f41 e-flex e-con-boxed e-con e-parent\" data-id=\"49f6f41\" data-element_type=\"container\" data-e-type=\"container\">\n\t\t\t\t\t<div class=\"e-con-inner\">\n\t\t<div class=\"elementor-element elementor-element-e510592 e-con-full e-flex e-con e-child\" data-id=\"e510592\" data-element_type=\"container\" data-e-type=\"container\">\n\t\t\t\t<div class=\"elementor-element elementor-element-e22f310 elementor-widget elementor-widget-heading\" data-id=\"e22f310\" data-element_type=\"widget\" data-e-type=\"widget\" data-widget_type=\"heading.default\">\n\t\t\t\t<div class=\"elementor-widget-container\">\n\t\t\t\t\t<h2 class=\"elementor-heading-title elementor-size-default\">S\u00edntomas comunes<\/h2>\t\t\t\t<\/div>\n\t\t\t\t<\/div>\n\t\t\t\t<div class=\"elementor-element elementor-element-d3ec016 elementor-widget elementor-widget-text-editor\" data-id=\"d3ec016\" data-element_type=\"widget\" data-e-type=\"widget\" data-widget_type=\"text-editor.default\">\n\t\t\t\t<div class=\"elementor-widget-container\">\n\t\t\t\t\t\t\t\t\t<ul><li style=\"font-weight: 400;\" aria-level=\"1\"><span style=\"font-weight: 400;\">Diarrea con sangre o heces con mucosidad<\/span><\/li><li style=\"font-weight: 400;\" aria-level=\"1\"><span style=\"font-weight: 400;\">Dolor abdominal<\/span><\/li><li style=\"font-weight: 400;\" aria-level=\"1\"><span style=\"font-weight: 400;\">Urgencia  al defecar<\/span><\/li><li style=\"font-weight: 400;\" aria-level=\"1\"><span style=\"font-weight: 400;\">Sensaci\u00f3n de evacuaci\u00f3n incompleta<\/span><\/li><li style=\"font-weight: 400;\" aria-level=\"1\"><span style=\"font-weight: 400;\">Fatiga<\/span><\/li><li style=\"font-weight: 400;\" aria-level=\"1\"><span style=\"font-weight: 400;\">P\u00e9rdida de peso<\/span><\/li><li style=\"font-weight: 400;\" aria-level=\"1\"><span style=\"font-weight: 400;\">Fiebre (durante la enfermedad activa)<\/span><\/li><\/ul>\t\t\t\t\t\t\t\t<\/div>\n\t\t\t\t<\/div>\n\t\t\t\t<div class=\"elementor-element elementor-element-fbc8a89 elementor-widget elementor-widget-heading\" data-id=\"fbc8a89\" data-element_type=\"widget\" data-e-type=\"widget\" data-widget_type=\"heading.default\">\n\t\t\t\t<div class=\"elementor-widget-container\">\n\t\t\t\t\t<h2 class=\"elementor-heading-title elementor-size-default\">Diagn\u00f3stico<\/h2>\t\t\t\t<\/div>\n\t\t\t\t<\/div>\n\t\t\t\t<div class=\"elementor-element elementor-element-e2f2d1a elementor-widget elementor-widget-text-editor\" data-id=\"e2f2d1a\" data-element_type=\"widget\" data-e-type=\"widget\" data-widget_type=\"text-editor.default\">\n\t\t\t\t<div class=\"elementor-widget-container\">\n\t\t\t\t\t\t\t\t\t<ul><li style=\"font-weight: 400;\" aria-level=\"1\"><span style=\"font-weight: 400;\">Historial cl\u00ednico y examen f\u00edsico<\/span><\/li><li style=\"font-weight: 400;\" aria-level=\"1\"><span style=\"font-weight: 400;\">An\u00e1lisis de sangre (para detectar anemia o inflamaci\u00f3n)<\/span><\/li><li style=\"font-weight: 400;\" aria-level=\"1\"><span style=\"font-weight: 400;\">An\u00e1lisis de heces (para descartar infecciones y comprobar si hay inflamaci\u00f3n)<\/span><\/li><li style=\"font-weight: 400;\" aria-level=\"1\"><span style=\"font-weight: 400;\">Colonoscopia con biopsia (para confirmar el diagn\u00f3stico y evaluar la gravedad)<\/span><\/li><li style=\"font-weight: 400;\" aria-level=\"1\"><span style=\"font-weight: 400;\">Tomograf\u00eda computarizada o resonancia magn\u00e9tica (en algunos casos, para evaluar el alcance de las complicaciones)<\/span><\/li><\/ul>\t\t\t\t\t\t\t\t<\/div>\n\t\t\t\t<\/div>\n\t\t\t\t<div class=\"elementor-element elementor-element-f0ca4ec elementor-widget elementor-widget-heading\" data-id=\"f0ca4ec\" data-element_type=\"widget\" data-e-type=\"widget\" data-widget_type=\"heading.default\">\n\t\t\t\t<div class=\"elementor-widget-container\">\n\t\t\t\t\t<h2 class=\"elementor-heading-title elementor-size-default\">Opciones de tratamiento\n<\/h2>\t\t\t\t<\/div>\n\t\t\t\t<\/div>\n\t\t\t\t<div class=\"elementor-element elementor-element-8ec5d3f elementor-widget elementor-widget-text-editor\" data-id=\"8ec5d3f\" data-element_type=\"widget\" data-e-type=\"widget\" data-widget_type=\"text-editor.default\">\n\t\t\t\t<div class=\"elementor-widget-container\">\n\t\t\t\t\t\t\t\t\t<p><span style=\"font-weight: bold;\">Estilo de vida y dieta:<\/span><\/p><ul><li style=\"list-style-type: none;\"><ul style=\"font-size: 17.6px;\"><li style=\"font-size: 17.6px;\" aria-level=\"2\">Ajustar la ingesta de fibra durante los brotes<\/li><li style=\"font-size: 17.6px;\" aria-level=\"2\">Hidrataci\u00f3n y apoyo nutricional<\/li><li style=\"font-size: 17.6px;\" aria-level=\"2\">Manejo del estr\u00e9s y actividad f\u00edsica regular<\/li><\/ul><\/li><li style=\"font-weight: 400;\" aria-level=\"1\"><b>Medicamentos: <\/b>El objetivo del tratamiento m\u00e9dico de la colitis ulcerosa es suprimir la actividad excesiva del sistema inmune que ataca el intestino, provocando inflamaci\u00f3n y da\u00f1o en la mucosa.<b>\u00a0<\/b><ul><li style=\"font-weight: 400;\" aria-level=\"2\"><span style=\"font-weight: 400;\">Aminosalicilatos (para reducir la inflamaci\u00f3n)<\/span><\/li><li style=\"font-weight: 400;\" aria-level=\"2\"><span style=\"font-weight: 400;\">Corticosteroides (para uso a corto plazo durante los brotes)<\/span><\/li><li style=\"font-weight: 400;\" aria-level=\"2\">Terapias biol\u00f3gicas (medicamentos dirigidos a inhibir mol\u00e9culas proinflamatorias responsables de la respuesta inflamatoria)<\/li><\/ul><\/li><\/ul><ul><li style=\"font-weight: 400;\" aria-level=\"1\"><b style=\"background-color: transparent;\">Cirug\u00eda: <\/b>Cuando el tratamiento m\u00e9dico no consigue controlar los s\u00edntomas o surgen complicaciones, puede ser necesaria una intervenci\u00f3n quir\u00fargica.<ul><li style=\"font-weight: 400;\" aria-level=\"1\">Proctocolectom\u00eda (extirpaci\u00f3n del colon y el recto) con ileostom\u00eda o creaci\u00f3n de bolsa ileal.\u00a0<\/li><\/ul><\/li><\/ul>\t\t\t\t\t\t\t\t<\/div>\n\t\t\t\t<\/div>\n\t\t\t\t<\/div>\n\t\t<div class=\"elementor-element elementor-element-5db7d78 e-flex e-con-boxed e-con e-child\" data-id=\"5db7d78\" data-element_type=\"container\" data-e-type=\"container\">\n\t\t\t\t\t<div class=\"e-con-inner\">\n\t\t\t\t<div class=\"elementor-element elementor-element-ee8a9bf elementor-widget elementor-widget-image\" data-id=\"ee8a9bf\" data-element_type=\"widget\" data-e-type=\"widget\" data-widget_type=\"image.default\">\n\t\t\t\t<div class=\"elementor-widget-container\">\n\t\t\t\t\t\t\t\t\t\t\t\t\t\t\t<img loading=\"lazy\" decoding=\"async\" width=\"800\" height=\"800\" src=\"https:\/\/prgastrocare.com\/wp-content\/uploads\/2025\/09\/Man-with-abdominal-pain-1024x1024.avif\" class=\"attachment-large size-large wp-image-868\" alt=\"Hombre con dolor abdominal\" srcset=\"https:\/\/prgastrocare.com\/wp-content\/uploads\/2025\/09\/Man-with-abdominal-pain-1024x1024.avif 1024w, https:\/\/prgastrocare.com\/wp-content\/uploads\/2025\/09\/Man-with-abdominal-pain-300x300.avif 300w, https:\/\/prgastrocare.com\/wp-content\/uploads\/2025\/09\/Man-with-abdominal-pain-150x150.avif 150w, https:\/\/prgastrocare.com\/wp-content\/uploads\/2025\/09\/Man-with-abdominal-pain-768x768.avif 768w, https:\/\/prgastrocare.com\/wp-content\/uploads\/2025\/09\/Man-with-abdominal-pain.avif 1040w\" sizes=\"auto, (max-width: 800px) 100vw, 800px\" \/>\t\t\t\t\t\t\t\t\t\t\t\t\t\t\t<\/div>\n\t\t\t\t<\/div>\n\t\t\t\t<div class=\"elementor-element elementor-element-7dc2a09 elementor-widget elementor-widget-spacer\" data-id=\"7dc2a09\" data-element_type=\"widget\" data-e-type=\"widget\" data-widget_type=\"spacer.default\">\n\t\t\t\t<div class=\"elementor-widget-container\">\n\t\t\t\t\t\t\t<div class=\"elementor-spacer\">\n\t\t\t<div class=\"elementor-spacer-inner\"><\/div>\n\t\t<\/div>\n\t\t\t\t\t\t<\/div>\n\t\t\t\t<\/div>\n\t\t\t\t\t<\/div>\n\t\t\t\t<\/div>\n\t\t\t\t\t<\/div>\n\t\t\t\t<\/div>\n\t\t\t\t<\/div>","protected":false},"excerpt":{"rendered":"<p>Conditions Home | Our Blog What is Ulcerative Colitis? Ulcerative colitis (UC) is a chronic inflammatory bowel disease (IBD) that affects the inner lining of the large intestine (colon) and rectum. Unlike Crohn\u2019s disease, which can affect any part of the gastrointestinal tract and penetrate deeper tissue layers, ulcerative colitis typically only affects the colon [&hellip;]<\/p>\n","protected":false},"author":2,"featured_media":858,"comment_status":"closed","ping_status":"open","sticky":false,"template":"","format":"standard","meta":{"nf_dc_page":"","footnotes":""},"categories":[17],"tags":[],"class_list":["post-856","post","type-post","status-publish","format-standard","has-post-thumbnail","hentry","category-conditions"],"_links":{"self":[{"href":"https:\/\/prgastrocare.com\/es\/wp-json\/wp\/v2\/posts\/856","targetHints":{"allow":["GET"]}}],"collection":[{"href":"https:\/\/prgastrocare.com\/es\/wp-json\/wp\/v2\/posts"}],"about":[{"href":"https:\/\/prgastrocare.com\/es\/wp-json\/wp\/v2\/types\/post"}],"author":[{"embeddable":true,"href":"https:\/\/prgastrocare.com\/es\/wp-json\/wp\/v2\/users\/2"}],"replies":[{"embeddable":true,"href":"https:\/\/prgastrocare.com\/es\/wp-json\/wp\/v2\/comments?post=856"}],"version-history":[{"count":19,"href":"https:\/\/prgastrocare.com\/es\/wp-json\/wp\/v2\/posts\/856\/revisions"}],"predecessor-version":[{"id":1748,"href":"https:\/\/prgastrocare.com\/es\/wp-json\/wp\/v2\/posts\/856\/revisions\/1748"}],"wp:featuredmedia":[{"embeddable":true,"href":"https:\/\/prgastrocare.com\/es\/wp-json\/wp\/v2\/media\/858"}],"wp:attachment":[{"href":"https:\/\/prgastrocare.com\/es\/wp-json\/wp\/v2\/media?parent=856"}],"wp:term":[{"taxonomy":"category","embeddable":true,"href":"https:\/\/prgastrocare.com\/es\/wp-json\/wp\/v2\/categories?post=856"},{"taxonomy":"post_tag","embeddable":true,"href":"https:\/\/prgastrocare.com\/es\/wp-json\/wp\/v2\/tags?post=856"}],"curies":[{"name":"wp","href":"https:\/\/api.w.org\/{rel}","templated":true}]}}